{"id":1092,"date":"2023-12-18T11:07:34","date_gmt":"2023-12-18T10:07:34","guid":{"rendered":"https:\/\/ignitegra.com\/?p=1092"},"modified":"2023-12-18T11:14:01","modified_gmt":"2023-12-18T10:14:01","slug":"ignitegra-sl-participo-en-la-construccion-consum-motril","status":"publish","type":"post","link":"https:\/\/ignitegra.com\/en\/ignitegra-sl-participo-en-la-construccion-consum-motril\/","title":{"rendered":"IGNITEGRA SL PARTICIP\u00d3 EN LA CONSTRUCCION CONSUM MOTRIL"},"content":{"rendered":"<figure id=\"attachment_1093\" aria-describedby=\"caption-attachment-1093\" style=\"width: 169px\" class=\"wp-caption aligncenter\"><img fetchpriority=\"high\" decoding=\"async\" class=\"wpa-warning wpa-image-missing-alt size-medium wp-image-1093\" src=\"https:\/\/ignitegra.com\/wp-content\/uploads\/2023\/12\/5E136EA3-A3C1-4515-9044-AAE7DD94ABFC-169x300.jpg\" alt=\"\" width=\"169\" height=\"300\" data-warning=\"Falta el texto alternativo\" srcset=\"https:\/\/ignitegra.com\/wp-content\/uploads\/2023\/12\/5E136EA3-A3C1-4515-9044-AAE7DD94ABFC-169x300.jpg 169w, https:\/\/ignitegra.com\/wp-content\/uploads\/2023\/12\/5E136EA3-A3C1-4515-9044-AAE7DD94ABFC-576x1024.jpg 576w, https:\/\/ignitegra.com\/wp-content\/uploads\/2023\/12\/5E136EA3-A3C1-4515-9044-AAE7DD94ABFC-768x1365.jpg 768w, https:\/\/ignitegra.com\/wp-content\/uploads\/2023\/12\/5E136EA3-A3C1-4515-9044-AAE7DD94ABFC-864x1536.jpg 864w, https:\/\/ignitegra.com\/wp-content\/uploads\/2023\/12\/5E136EA3-A3C1-4515-9044-AAE7DD94ABFC-7x12.jpg 7w, https:\/\/ignitegra.com\/wp-content\/uploads\/2023\/12\/5E136EA3-A3C1-4515-9044-AAE7DD94ABFC.jpg 1080w\" sizes=\"(max-width: 169px) 100vw, 169px\" \/><figcaption id=\"caption-attachment-1093\" class=\"wp-caption-text\">Fase de pintura Intumescente<\/figcaption><\/figure>\n<figure id=\"attachment_1094\" aria-describedby=\"caption-attachment-1094\" style=\"width: 225px\" class=\"wp-caption alignleft\"><img decoding=\"async\" class=\"wpa-warning wpa-image-missing-alt size-medium wp-image-1094\" src=\"https:\/\/ignitegra.com\/wp-content\/uploads\/2023\/12\/CONSUM-MOTRIL-225x300.jpg\" alt=\"\" width=\"225\" height=\"300\" data-warning=\"Falta el texto alternativo\" srcset=\"https:\/\/ignitegra.com\/wp-content\/uploads\/2023\/12\/CONSUM-MOTRIL-225x300.jpg 225w, https:\/\/ignitegra.com\/wp-content\/uploads\/2023\/12\/CONSUM-MOTRIL-9x12.jpg 9w, https:\/\/ignitegra.com\/wp-content\/uploads\/2023\/12\/CONSUM-MOTRIL.jpg 768w\" sizes=\"(max-width: 225px) 100vw, 225px\" \/><figcaption id=\"caption-attachment-1094\" class=\"wp-caption-text\">Fase Mortero de Vermiculita<\/figcaption><\/figure>\n<p>La nueva tienda de Motril est\u00e1 ubicada en la Avenida Ronda de Poniente s\/n, cuenta con una\u00a0superficie de m\u00e1s de 1.400 metros cuadrados. Dispone de 100 plazas de aparcamiento para\u00a0los clientes con 2 puntos de recarga para coche el\u00e9ctrico.<\/p>\n<p>Horarios del\u00a0establecimiento ser\u00e1 de lunes a s\u00e1bado, de 9 a 21:30 horas.<\/p>\n<p>Disponen de atenci\u00f3n personalizada en pescader\u00eda, charcuter\u00eda y carnicer\u00eda, secci\u00f3n de fruta y verdura a granel, horno y la secci\u00f3n de perfumer\u00eda de Consum, con atenci\u00f3n personalizada\u00a0 \u00a0marcas exclusivas.<\/p>\n<p>&nbsp;<\/p>","protected":false},"excerpt":{"rendered":"<p>La nueva tienda de Motril est\u00e1 ubicada en la Avenida Ronda de Poniente s\/n, cuenta con una\u00a0superficie de m\u00e1s de 1.400 metros cuadrados. Dispone de 100 plazas de aparcamiento para\u00a0los clientes con 2 puntos de recarga para coche el\u00e9ctrico. Horarios del\u00a0establecimiento ser\u00e1 de lunes a s\u00e1bado, de 9 a 21:30 horas. Disponen de atenci\u00f3n personalizada [&hellip;]<\/p>","protected":false},"author":2,"featured_media":1094,"comment_status":"open","ping_status":"closed","sticky":false,"template":"","format":"standard","meta":{"_monsterinsights_skip_tracking":false,"_monsterinsights_sitenote_active":false,"_monsterinsights_sitenote_note":"","_monsterinsights_sitenote_category":0,"footnotes":""},"categories":[18],"tags":[],"class_list":["post-1092","post","type-post","status-publish","format-standard","has-post-thumbnail","hentry","category-proteccion-pasiva-contra-fuego"],"_links":{"self":[{"href":"https:\/\/ignitegra.com\/en\/wp-json\/wp\/v2\/posts\/1092","targetHints":{"allow":["GET"]}}],"collection":[{"href":"https:\/\/ignitegra.com\/en\/wp-json\/wp\/v2\/posts"}],"about":[{"href":"https:\/\/ignitegra.com\/en\/wp-json\/wp\/v2\/types\/post"}],"author":[{"embeddable":true,"href":"https:\/\/ignitegra.com\/en\/wp-json\/wp\/v2\/users\/2"}],"replies":[{"embeddable":true,"href":"https:\/\/ignitegra.com\/en\/wp-json\/wp\/v2\/comments?post=1092"}],"version-history":[{"count":5,"href":"https:\/\/ignitegra.com\/en\/wp-json\/wp\/v2\/posts\/1092\/revisions"}],"predecessor-version":[{"id":1100,"href":"https:\/\/ignitegra.com\/en\/wp-json\/wp\/v2\/posts\/1092\/revisions\/1100"}],"wp:featuredmedia":[{"embeddable":true,"href":"https:\/\/ignitegra.com\/en\/wp-json\/wp\/v2\/media\/1094"}],"wp:attachment":[{"href":"https:\/\/ignitegra.com\/en\/wp-json\/wp\/v2\/media?parent=1092"}],"wp:term":[{"taxonomy":"category","embeddable":true,"href":"https:\/\/ignitegra.com\/en\/wp-json\/wp\/v2\/categories?post=1092"},{"taxonomy":"post_tag","embeddable":true,"href":"https:\/\/ignitegra.com\/en\/wp-json\/wp\/v2\/tags?post=1092"}],"curies":[{"name":"wp","href":"https:\/\/api.w.org\/{rel}","templated":true}]}}